{"id":352,"date":"2018-07-08T04:41:18","date_gmt":"2018-07-08T03:41:18","guid":{"rendered":"https:\/\/apiyo.ch\/?p=352"},"modified":"2022-03-17T04:48:39","modified_gmt":"2022-03-17T03:48:39","slug":"im-gespraech-im-garten","status":"publish","type":"post","link":"https:\/\/apiyo.ch\/en\/im-gespraech-im-garten\/","title":{"rendered":"Garden talk with Yvonne Apiyo Br\u00e4ndle Amolo"},"content":{"rendered":"<section class=\"wpb-content-wrapper\"><div data-parent=\"true\" class=\"vc_row row-container\" id=\"row-unique-0\"><div class=\"row limit-width row-parent\"><div class=\"wpb_row row-inner\"><div class=\"wpb_column pos-top pos-center align_left column_parent col-lg-12 single-internal-gutter\"><div class=\"uncol style-light\"  ><div class=\"uncoltable\"><div class=\"uncell no-block-padding\" ><div class=\"uncont\"><div class=\"vc_custom_heading_wrap\"><div class=\"heading-text el-text\" ><h2 class=\"h2\" ><span>Im Gespr\u00e4ch in Garten<\/span><\/h2><\/div><div class=\"clear\"><\/div><\/div><div class=\"uncode_text_column\" ><p><a href=\"https:\/\/www.srf.ch\/audio\/blickpunkt-religion\/gespraech-im-garten-mit-yvonne-apiyo-braendle-amolo?id=11361000&amp;msclkid=87398517a5a311ecb8858369281cce77\">Sommerserie Folge 1: Kultur schafft Heimat \u2013 die K\u00fcnstlerin und Politikerin Yvonne Apiyo Br\u00e4ndle-Amolo jodelt f\u00fcr ihr Leben gern. Im Gespr\u00e4ch im Garten spricht sie \u00fcber Kultur, Integration und ihr blutiges Kunstprojekt.<\/a><\/p>\n<\/div><\/div><\/div><\/div><\/div><\/div><script id=\"script-row-unique-0\" data-row=\"script-row-unique-0\" type=\"text\/javascript\" class=\"vc_controls\">UNCODE.initRow(document.getElementById(\"row-unique-0\"));<\/script><\/div><\/div><\/div><div data-parent=\"true\" class=\"vc_row row-container\" id=\"row-unique-1\"><div class=\"row limit-width row-parent\"><div class=\"wpb_row row-inner\"><div class=\"wpb_column pos-top pos-center align_left column_parent col-lg-12 single-internal-gutter\"><div class=\"uncol style-light\"  ><div class=\"uncoltable\"><div class=\"uncell no-block-padding\" ><div class=\"uncont\"><\/div><\/div><\/div><\/div><\/div><script id=\"script-row-unique-1\" data-row=\"script-row-unique-1\" type=\"text\/javascript\" class=\"vc_controls\">UNCODE.initRow(document.getElementById(\"row-unique-1\"));<\/script><\/div><\/div><\/div>\n<\/section>","protected":false},"excerpt":{"rendered":"Im Gespr\u00e4ch in GartenSommerserie Folge 1: Kultur schafft Heimat \u2013 die K\u00fcnstlerin und Politikerin Yvonne Apiyo Br\u00e4ndle-Amolo jodelt f\u00fcr ihr [...]","protected":false},"author":3,"featured_media":356,"comment_status":"closed","ping_status":"open","sticky":false,"template":"","format":"standard","meta":{"footnotes":""},"categories":[4],"tags":[],"class_list":["post-352","post","type-post","status-publish","format-standard","has-post-thumbnail","hentry","category-kunst"],"yoast_head":"<!-- This site is optimized with the Yoast SEO plugin v20.13 - https:\/\/yoast.com\/wordpress\/plugins\/seo\/ -->\n<title>Gespr\u00e4ch im Garten mit Yvonne Apiyo Br\u00e4ndle-Amolo - Apiyo<\/title>\n<meta name=\"robots\" content=\"index, follow, max-snippet:-1, max-image-preview:large, max-video-preview:-1\" \/>\n<link rel=\"canonical\" href=\"https:\/\/apiyo.ch\/en\/im-gespraech-im-garten\/\" \/>\n<meta property=\"og:locale\" content=\"en_GB\" \/>\n<meta property=\"og:type\" content=\"article\" \/>\n<meta property=\"og:title\" content=\"Gespr\u00e4ch im Garten mit Yvonne Apiyo Br\u00e4ndle-Amolo - Apiyo\" \/>\n<meta property=\"og:url\" content=\"https:\/\/apiyo.ch\/en\/im-gespraech-im-garten\/\" \/>\n<meta property=\"og:site_name\" content=\"Apiyo\" \/>\n<meta property=\"article:published_time\" content=\"2018-07-08T03:41:18+00:00\" \/>\n<meta property=\"article:modified_time\" content=\"2022-03-17T03:48:39+00:00\" \/>\n<meta property=\"og:image\" content=\"https:\/\/apiyo.ch\/wp-content\/uploads\/2018\/07\/519891.17_blickpunktreligion_epg_624x351px.jpg-.jpg\" \/>\n\t<meta property=\"og:image:width\" content=\"960\" \/>\n\t<meta property=\"og:image:height\" content=\"540\" \/>\n\t<meta property=\"og:image:type\" content=\"image\/jpeg\" \/>\n<meta name=\"author\" content=\"Yvonne Apiyo Br\u00e4ndle-Amolo\" \/>\n<meta name=\"twitter:card\" content=\"summary_large_image\" \/>\n<meta name=\"twitter:label1\" content=\"Written by\" \/>\n\t<meta name=\"twitter:data1\" content=\"Yvonne Apiyo Br\u00e4ndle-Amolo\" \/>\n<script type=\"application\/ld+json\" class=\"yoast-schema-graph\">{\"@context\":\"https:\/\/schema.org\",\"@graph\":[{\"@type\":\"WebPage\",\"@id\":\"https:\/\/apiyo.ch\/im-gespraech-im-garten\/\",\"url\":\"https:\/\/apiyo.ch\/im-gespraech-im-garten\/\",\"name\":\"Gespr\u00e4ch im Garten mit Yvonne Apiyo Br\u00e4ndle-Amolo - Apiyo\",\"isPartOf\":{\"@id\":\"https:\/\/apiyo.ch\/#website\"},\"datePublished\":\"2018-07-08T03:41:18+00:00\",\"dateModified\":\"2022-03-17T03:48:39+00:00\",\"author\":{\"@id\":\"https:\/\/apiyo.ch\/#\/schema\/person\/f05641fee7eb3ed57352e5b4f9b2aa69\"},\"breadcrumb\":{\"@id\":\"https:\/\/apiyo.ch\/im-gespraech-im-garten\/#breadcrumb\"},\"inLanguage\":\"en-GB\",\"potentialAction\":[{\"@type\":\"ReadAction\",\"target\":[\"https:\/\/apiyo.ch\/im-gespraech-im-garten\/\"]}]},{\"@type\":\"BreadcrumbList\",\"@id\":\"https:\/\/apiyo.ch\/im-gespraech-im-garten\/#breadcrumb\",\"itemListElement\":[{\"@type\":\"ListItem\",\"position\":1,\"name\":\"Startseite\",\"item\":\"https:\/\/apiyo.ch\/\"},{\"@type\":\"ListItem\",\"position\":2,\"name\":\"Gespr\u00e4ch im Garten mit Yvonne Apiyo Br\u00e4ndle-Amolo\"}]},{\"@type\":\"WebSite\",\"@id\":\"https:\/\/apiyo.ch\/#website\",\"url\":\"https:\/\/apiyo.ch\/\",\"name\":\"Apiyo\",\"description\":\"Apiyo Amolo\",\"potentialAction\":[{\"@type\":\"SearchAction\",\"target\":{\"@type\":\"EntryPoint\",\"urlTemplate\":\"https:\/\/apiyo.ch\/?s={search_term_string}\"},\"query-input\":\"required name=search_term_string\"}],\"inLanguage\":\"en-GB\"},{\"@type\":\"Person\",\"@id\":\"https:\/\/apiyo.ch\/#\/schema\/person\/f05641fee7eb3ed57352e5b4f9b2aa69\",\"name\":\"Yvonne Apiyo Br\u00e4ndle-Amolo\",\"image\":{\"@type\":\"ImageObject\",\"inLanguage\":\"en-GB\",\"@id\":\"https:\/\/apiyo.ch\/#\/schema\/person\/image\/\",\"url\":\"https:\/\/secure.gravatar.com\/avatar\/cea4db67dba64f3d95e11a1f2793779a0d6f14ebb5a490fd7815df0e636eb732?s=96&d=mm&r=g\",\"contentUrl\":\"https:\/\/secure.gravatar.com\/avatar\/cea4db67dba64f3d95e11a1f2793779a0d6f14ebb5a490fd7815df0e636eb732?s=96&d=mm&r=g\",\"caption\":\"Yvonne Apiyo Br\u00e4ndle-Amolo\"},\"sameAs\":[\"http:\/\/apiyo.ch\"],\"url\":\"https:\/\/apiyo.ch\/en\/author\/apiyo-amolo\/\"}]}<\/script>\n<!-- \/ Yoast SEO plugin. -->","yoast_head_json":{"title":"Gespr\u00e4ch im Garten mit Yvonne Apiyo Br\u00e4ndle-Amolo - Apiyo","robots":{"index":"index","follow":"follow","max-snippet":"max-snippet:-1","max-image-preview":"max-image-preview:large","max-video-preview":"max-video-preview:-1"},"canonical":"https:\/\/apiyo.ch\/en\/im-gespraech-im-garten\/","og_locale":"en_GB","og_type":"article","og_title":"Gespr\u00e4ch im Garten mit Yvonne Apiyo Br\u00e4ndle-Amolo - Apiyo","og_url":"https:\/\/apiyo.ch\/en\/im-gespraech-im-garten\/","og_site_name":"Apiyo","article_published_time":"2018-07-08T03:41:18+00:00","article_modified_time":"2022-03-17T03:48:39+00:00","og_image":[{"width":960,"height":540,"url":"https:\/\/apiyo.ch\/wp-content\/uploads\/2018\/07\/519891.17_blickpunktreligion_epg_624x351px.jpg-.jpg","type":"image\/jpeg"}],"author":"Yvonne Apiyo Br\u00e4ndle-Amolo","twitter_card":"summary_large_image","twitter_misc":{"Written by":"Yvonne Apiyo Br\u00e4ndle-Amolo"},"schema":{"@context":"https:\/\/schema.org","@graph":[{"@type":"WebPage","@id":"https:\/\/apiyo.ch\/im-gespraech-im-garten\/","url":"https:\/\/apiyo.ch\/im-gespraech-im-garten\/","name":"Gespr\u00e4ch im Garten mit Yvonne Apiyo Br\u00e4ndle-Amolo - Apiyo","isPartOf":{"@id":"https:\/\/apiyo.ch\/#website"},"datePublished":"2018-07-08T03:41:18+00:00","dateModified":"2022-03-17T03:48:39+00:00","author":{"@id":"https:\/\/apiyo.ch\/#\/schema\/person\/f05641fee7eb3ed57352e5b4f9b2aa69"},"breadcrumb":{"@id":"https:\/\/apiyo.ch\/im-gespraech-im-garten\/#breadcrumb"},"inLanguage":"en-GB","potentialAction":[{"@type":"ReadAction","target":["https:\/\/apiyo.ch\/im-gespraech-im-garten\/"]}]},{"@type":"BreadcrumbList","@id":"https:\/\/apiyo.ch\/im-gespraech-im-garten\/#breadcrumb","itemListElement":[{"@type":"ListItem","position":1,"name":"Startseite","item":"https:\/\/apiyo.ch\/"},{"@type":"ListItem","position":2,"name":"Gespr\u00e4ch im Garten mit Yvonne Apiyo Br\u00e4ndle-Amolo"}]},{"@type":"WebSite","@id":"https:\/\/apiyo.ch\/#website","url":"https:\/\/apiyo.ch\/","name":"Apiyo","description":"Apiyo Amolo","potentialAction":[{"@type":"SearchAction","target":{"@type":"EntryPoint","urlTemplate":"https:\/\/apiyo.ch\/?s={search_term_string}"},"query-input":"required name=search_term_string"}],"inLanguage":"en-GB"},{"@type":"Person","@id":"https:\/\/apiyo.ch\/#\/schema\/person\/f05641fee7eb3ed57352e5b4f9b2aa69","name":"Yvonne Apiyo Br\u00e4ndle-Amolo","image":{"@type":"ImageObject","inLanguage":"en-GB","@id":"https:\/\/apiyo.ch\/#\/schema\/person\/image\/","url":"https:\/\/secure.gravatar.com\/avatar\/cea4db67dba64f3d95e11a1f2793779a0d6f14ebb5a490fd7815df0e636eb732?s=96&d=mm&r=g","contentUrl":"https:\/\/secure.gravatar.com\/avatar\/cea4db67dba64f3d95e11a1f2793779a0d6f14ebb5a490fd7815df0e636eb732?s=96&d=mm&r=g","caption":"Yvonne Apiyo Br\u00e4ndle-Amolo"},"sameAs":["http:\/\/apiyo.ch"],"url":"https:\/\/apiyo.ch\/en\/author\/apiyo-amolo\/"}]}},"_links":{"self":[{"href":"https:\/\/apiyo.ch\/en\/wp-json\/wp\/v2\/posts\/352","targetHints":{"allow":["GET"]}}],"collection":[{"href":"https:\/\/apiyo.ch\/en\/wp-json\/wp\/v2\/posts"}],"about":[{"href":"https:\/\/apiyo.ch\/en\/wp-json\/wp\/v2\/types\/post"}],"author":[{"embeddable":true,"href":"https:\/\/apiyo.ch\/en\/wp-json\/wp\/v2\/users\/3"}],"replies":[{"embeddable":true,"href":"https:\/\/apiyo.ch\/en\/wp-json\/wp\/v2\/comments?post=352"}],"version-history":[{"count":4,"href":"https:\/\/apiyo.ch\/en\/wp-json\/wp\/v2\/posts\/352\/revisions"}],"predecessor-version":[{"id":359,"href":"https:\/\/apiyo.ch\/en\/wp-json\/wp\/v2\/posts\/352\/revisions\/359"}],"wp:featuredmedia":[{"embeddable":true,"href":"https:\/\/apiyo.ch\/en\/wp-json\/wp\/v2\/media\/356"}],"wp:attachment":[{"href":"https:\/\/apiyo.ch\/en\/wp-json\/wp\/v2\/media?parent=352"}],"wp:term":[{"taxonomy":"category","embeddable":true,"href":"https:\/\/apiyo.ch\/en\/wp-json\/wp\/v2\/categories?post=352"},{"taxonomy":"post_tag","embeddable":true,"href":"https:\/\/apiyo.ch\/en\/wp-json\/wp\/v2\/tags?post=352"}],"curies":[{"name":"wp","href":"https:\/\/api.w.org\/{rel}","templated":true}]}}